{"id":10460,"date":"2023-10-09T08:05:08","date_gmt":"2023-10-09T06:05:08","guid":{"rendered":"https:\/\/www.rchv.lv\/web\/?p=10460"},"modified":"2023-10-09T08:05:08","modified_gmt":"2023-10-09T06:05:08","slug":"lasisanas-pasakums-lauj-gramatai-atkal-runat","status":"publish","type":"post","link":"https:\/\/www.rchv.lv\/web\/archives\/10460","title":{"rendered":"Las\u012b\u0161anas pas\u0101kums &#8220;\u013bauj gr\u0101matai atkal run\u0101t!&#8221;"},"content":{"rendered":"<p>Tre\u0161dien, 4. oktobr\u012b, mazaj\u0101 skol\u0101 tika atkl\u0101ts las\u012b\u0161anas pas\u0101kums s\u0101kumskolai. 1. un 2. klas\u0113m priek\u0161\u0101 st\u0101stus un pasakas las\u012bja gan jau dzird\u0113ti skol\u0113ni, gan ar\u012b t\u0101di, kuriem \u0161is bija pirmais pas\u0101kums. S\u0101kumskol\u0113ni bija saj\u016bsmin\u0101ti par tik\u0161anos ar pamatskol\u0113niem un vidusskol\u0113niem, t\u0101 pat ar\u012b m\u0113s priec\u0101j\u0101mies par iesp\u0113ju dal\u012bties ar las\u012btprieku! Da\u017e\u0101d\u0101kos st\u0101stus no da\u017e\u0101d\u0101kajiem las\u012bt\u0101jiem var\u0113s dzird\u0113t visa m\u0101c\u012bbu gada garum\u0101.<\/p>\n<p>J\u016bsu Skol\u0113nu Dome<\/p>\n<p><img loading=\"lazy\" decoding=\"async\" class=\"alignnone size-medium wp-image-10457\" src=\"https:\/\/www.rchv.lv\/web\/wp-content\/uploads\/2023\/10\/lasisana-1-300x206.jpg\" alt=\"\" width=\"300\" height=\"206\" srcset=\"https:\/\/www.rchv.lv\/web\/wp-content\/uploads\/2023\/10\/lasisana-1-300x206.jpg 300w, https:\/\/www.rchv.lv\/web\/wp-content\/uploads\/2023\/10\/lasisana-1.jpg 845w, https:\/\/www.rchv.lv\/web\/wp-content\/uploads\/2023\/10\/lasisana-1-150x103.jpg 150w\" sizes=\"auto, (max-width: 300px) 100vw, 300px\" \/> <img loading=\"lazy\" decoding=\"async\" class=\"alignnone size-medium wp-image-10458\" src=\"https:\/\/www.rchv.lv\/web\/wp-content\/uploads\/2023\/10\/lasisana-2-300x300.jpg\" alt=\"\" width=\"300\" height=\"300\" \/><\/p>\n","protected":false},"excerpt":{"rendered":"<p>Tre\u0161dien, 4. oktobr\u012b, mazaj\u0101 skol\u0101 tika atkl\u0101ts las\u012b\u0161anas pas\u0101kums s\u0101kumskolai. 1. un 2. klas\u0113m priek\u0161\u0101 st\u0101stus un pasakas las\u012bja gan&nbsp;<a href=\"https:\/\/www.rchv.lv\/web\/archives\/10460\">&hellip;<\/a><\/p>\n","protected":false},"author":5,"featured_media":10457,"comment_status":"closed","ping_status":"open","sticky":false,"template":"","format":"standard","meta":{"inline_featured_image":false,"footnotes":""},"categories":[1],"tags":[],"class_list":["post-10460","post","type-post","status-publish","format-standard","has-post-thumbnail","hentry","category-jaunumi","odd"],"_links":{"self":[{"href":"https:\/\/www.rchv.lv\/web\/wp-json\/wp\/v2\/posts\/10460","targetHints":{"allow":["GET"]}}],"collection":[{"href":"https:\/\/www.rchv.lv\/web\/wp-json\/wp\/v2\/posts"}],"about":[{"href":"https:\/\/www.rchv.lv\/web\/wp-json\/wp\/v2\/types\/post"}],"author":[{"embeddable":true,"href":"https:\/\/www.rchv.lv\/web\/wp-json\/wp\/v2\/users\/5"}],"replies":[{"embeddable":true,"href":"https:\/\/www.rchv.lv\/web\/wp-json\/wp\/v2\/comments?post=10460"}],"version-history":[{"count":1,"href":"https:\/\/www.rchv.lv\/web\/wp-json\/wp\/v2\/posts\/10460\/revisions"}],"predecessor-version":[{"id":10461,"href":"https:\/\/www.rchv.lv\/web\/wp-json\/wp\/v2\/posts\/10460\/revisions\/10461"}],"wp:featuredmedia":[{"embeddable":true,"href":"https:\/\/www.rchv.lv\/web\/wp-json\/wp\/v2\/media\/10457"}],"wp:attachment":[{"href":"https:\/\/www.rchv.lv\/web\/wp-json\/wp\/v2\/media?parent=10460"}],"wp:term":[{"taxonomy":"category","embeddable":true,"href":"https:\/\/www.rchv.lv\/web\/wp-json\/wp\/v2\/categories?post=10460"},{"taxonomy":"post_tag","embeddable":true,"href":"https:\/\/www.rchv.lv\/web\/wp-json\/wp\/v2\/tags?post=10460"}],"curies":[{"name":"wp","href":"https:\/\/api.w.org\/{rel}","templated":true}]}}