{"id":10709,"date":"2023-12-03T13:06:35","date_gmt":"2023-12-03T11:06:35","guid":{"rendered":"https:\/\/www.rchv.lv\/web\/?p=10709"},"modified":"2023-12-03T13:15:44","modified_gmt":"2023-12-03T11:15:44","slug":"eiropas-parlamenta-strasbura","status":"publish","type":"post","link":"https:\/\/www.rchv.lv\/web\/archives\/10709","title":{"rendered":"Eiropas Parlament\u0101 Strasb\u016br\u0101"},"content":{"rendered":"<div class=\"\" dir=\"auto\">\n<div id=\":rh1:\" class=\"x1iorvi4 x1pi30zi x1l90r2v x1swvt13\" data-ad-comet-preview=\"message\" data-ad-preview=\"message\">\n<div class=\"x78zum5 xdt5ytf xz62fqu x16ldp7u\">\n<div class=\"xu06os2 x1ok221b\">\n<div class=\"xdj266r x11i5rnm xat24cr x1mh8g0r x1vvkbs x126k92a\">\n<div dir=\"auto\">16.novembr\u012b, RCHV Eiropas Parlamenta V\u0113stnieku skolas dal\u012bbnieki apmekl\u0113ja Eiropas Parlamentu Strasb\u016br\u0101, Francij\u0101.<\/div>\n<\/div>\n<div class=\"x11i5rnm xat24cr x1mh8g0r x1vvkbs xtlvy1s x126k92a\">\n<div dir=\"auto\">Pas\u0101kuma galvenais temats bija \u201cNo ener\u0123ijas kr\u012bzes uz ilgstsp\u0113j\u012bgu vidi\u201d jeb ES darb\u012bba pret klimata p\u0101rmai\u0146\u0101m.<\/div>\n<\/div>\n<div class=\"x11i5rnm xat24cr x1mh8g0r x1vvkbs xtlvy1s x126k92a\">\n<div dir=\"auto\">Jaunie\u0161iem bija iesp\u0113ja uzdot sev interes\u0113jo\u0161us jaut\u0101jumus EP viceprezidentei un zin\u0101tnes un ener\u0123ijas komitejas administratorei.<\/div>\n<\/div>\n<div class=\"x11i5rnm xat24cr x1mh8g0r x1vvkbs xtlvy1s x126k92a\">\n<div dir=\"auto\">V\u0113l\u0101k visi iesaist\u012bj\u0101s akt\u012bv\u0101s debat\u0113s, izsp\u0113l\u0113jot simul\u0101cijas sp\u0113li, iej\u016btoties EP dal\u012bbnieku lom\u0101s &#8211; lemjot, vai Eiropai vajadz\u0113tu piln\u012bb\u0101 atteikties no fos\u012bl\u0101 kurin\u0101m\u0101 un p\u0101riet uz atjaunojamo ener\u0123iju.<\/div>\n<\/div>\n<div class=\"x11i5rnm xat24cr x1mh8g0r x1vvkbs xtlvy1s x126k92a\">\n<div dir=\"auto\">Pas\u0101kuma laik\u0101 jaunie\u0161i iepazin\u0101s ar citu Eiropas Savien\u012bbas dal\u012bbvalstu skol\u0113niem, pilnveidoja zin\u0101\u0161anas par Eiropas Parlamentu, k\u0101 ar\u012b att\u012bst\u012bja savu anal\u012btisko dom\u0101\u0161anu un sp\u0113ju izteikt viedokli, diskut\u0113jot vair\u0101ku simtu cilv\u0113ku pla\u0161as auditorijas priek\u0161\u0101.<\/div>\n<div dir=\"auto\">Inform\u0101ciju sagatavoja: \u0160.J.Jurjure<\/div>\n<\/div>\n<div class=\"x11i5rnm xat24cr x1mh8g0r x1vvkbs xtlvy1s x126k92a\">\n<div dir=\"auto\">Skol\u0113nu atzi\u0146as: &#8220;M\u016bsupr\u0101t, \u0161\u012b bija lieliska iesp\u0113ja iel\u016bkoties Eiropas Parlamenta darb\u012bb\u0101. M\u0113s diskut\u0113j\u0101m, balsoj\u0101m un izteic\u0101m savu viedokli par glob\u0101l\u0101m probl\u0113m\u0101m. M\u0113s esam pateic\u012bgas EP un m\u016bsu skolot\u0101j\u0101m par \u0161o aizraujo\u0161o piedz\u012bvojumu.&#8221;<\/div>\n<div dir=\"auto\">Felicita un Katr\u012bna.<\/div>\n<\/div>\n<div class=\"x11i5rnm xat24cr x1mh8g0r x1vvkbs xtlvy1s x126k92a\">\n<div dir=\"auto\">&#8220;\u0160\u012b bija mana pirm\u0101 reize, s\u0113\u017eot Eiropas Parlamenta deput\u0101ta kr\u0113sl\u0101. Esmu pateic\u012bga par iesp\u0113ju iepaz\u012bt jaunus cilv\u0113kus no da\u017e\u0101d\u0101m ES valst\u012bm, apmain\u012bties ar viedok\u013ciem un spriest par m\u016bsdien\u0101s aktu\u0101l\u0101m t\u0113m\u0101m. Ir patie\u0161\u0101m jauki apzin\u0101ties, ka m\u0113s sp\u0113jam b\u016bt vienoti, un rast kompromisu jebkur\u0101 situ\u0101cij\u0101. Parlamenta aktivit\u0101\u0161u laik\u0101 es att\u012bst\u012bju svar\u012bgu prasmi &#8211; sp\u0113ju klaus\u012bties. Es aicinu katru drosminieku pievienoties EP V\u0113stnieku klubam un, kas zin, varb\u016bt tie\u0161i Tev b\u016bs iesp\u0113ja izbaud\u012bt n\u0101kamo braucienu uz Strasb\u016bru &#8211; Eiropas Parlamenta \u0113ku. Par vienot\u012bbu!&#8221;<\/div>\n<div dir=\"auto\">Santa<\/div>\n<\/div>\n<div class=\"x11i5rnm xat24cr x1mh8g0r x1vvkbs xtlvy1s x126k92a\">\n<div dir=\"auto\">Foto autori: Patr\u012bcija Milti\u0146a un Kristofers N\u012bmanis<img loading=\"lazy\" decoding=\"async\" class=\"alignnone size-medium wp-image-10714\" src=\"https:\/\/www.rchv.lv\/web\/wp-content\/uploads\/2023\/12\/IMG_4265-1-scaled-300x200.jpg\" alt=\"\" width=\"300\" height=\"200\" srcset=\"https:\/\/www.rchv.lv\/web\/wp-content\/uploads\/2023\/12\/IMG_4265-1-scaled-300x200.jpg 300w, https:\/\/www.rchv.lv\/web\/wp-content\/uploads\/2023\/12\/IMG_4265-1-scaled-1024x683.jpg 1024w\" sizes=\"auto, (max-width: 300px) 100vw, 300px\" \/> <img loading=\"lazy\" decoding=\"async\" class=\"alignnone size-medium wp-image-10715\" src=\"https:\/\/www.rchv.lv\/web\/wp-content\/uploads\/2023\/12\/IMG_4300-1-scaled-300x200.jpg\" alt=\"\" width=\"300\" height=\"200\" srcset=\"https:\/\/www.rchv.lv\/web\/wp-content\/uploads\/2023\/12\/IMG_4300-1-scaled-300x200.jpg 300w, https:\/\/www.rchv.lv\/web\/wp-content\/uploads\/2023\/12\/IMG_4300-1-scaled-1024x683.jpg 1024w\" sizes=\"auto, (max-width: 300px) 100vw, 300px\" \/> <img loading=\"lazy\" decoding=\"async\" class=\"alignnone size-medium wp-image-10716\" src=\"https:\/\/www.rchv.lv\/web\/wp-content\/uploads\/2023\/12\/IMG_4318-1-scaled-300x200.jpg\" alt=\"\" width=\"300\" height=\"200\" srcset=\"https:\/\/www.rchv.lv\/web\/wp-content\/uploads\/2023\/12\/IMG_4318-1-scaled-300x200.jpg 300w, https:\/\/www.rchv.lv\/web\/wp-content\/uploads\/2023\/12\/IMG_4318-1-scaled-1024x683.jpg 1024w\" sizes=\"auto, (max-width: 300px) 100vw, 300px\" \/> <img loading=\"lazy\" decoding=\"async\" class=\"alignnone size-medium wp-image-10717\" src=\"https:\/\/www.rchv.lv\/web\/wp-content\/uploads\/2023\/12\/IMG_4320-1-scaled-300x200.jpg\" alt=\"\" width=\"300\" height=\"200\" srcset=\"https:\/\/www.rchv.lv\/web\/wp-content\/uploads\/2023\/12\/IMG_4320-1-scaled-300x200.jpg 300w, https:\/\/www.rchv.lv\/web\/wp-content\/uploads\/2023\/12\/IMG_4320-1-scaled-1024x683.jpg 1024w\" sizes=\"auto, (max-width: 300px) 100vw, 300px\" \/> <img loading=\"lazy\" decoding=\"async\" class=\"alignnone size-medium wp-image-10718\" src=\"https:\/\/www.rchv.lv\/web\/wp-content\/uploads\/2023\/12\/IMG_4334-1-scaled-300x200.jpg\" alt=\"\" width=\"300\" height=\"200\" srcset=\"https:\/\/www.rchv.lv\/web\/wp-content\/uploads\/2023\/12\/IMG_4334-1-scaled-300x200.jpg 300w, https:\/\/www.rchv.lv\/web\/wp-content\/uploads\/2023\/12\/IMG_4334-1-scaled-1024x683.jpg 1024w\" sizes=\"auto, (max-width: 300px) 100vw, 300px\" \/><\/div>\n<div dir=\"auto\"><img loading=\"lazy\" decoding=\"async\" class=\"alignnone size-medium wp-image-10711\" src=\"https:\/\/www.rchv.lv\/web\/wp-content\/uploads\/2023\/12\/IMG_4219-scaled-300x200.jpg\" alt=\"\" width=\"300\" height=\"200\" srcset=\"https:\/\/www.rchv.lv\/web\/wp-content\/uploads\/2023\/12\/IMG_4219-scaled-300x200.jpg 300w, https:\/\/www.rchv.lv\/web\/wp-content\/uploads\/2023\/12\/IMG_4219-scaled-1024x683.jpg 1024w\" sizes=\"auto, (max-width: 300px) 100vw, 300px\" \/><\/div>\n<\/div>\n<\/div>\n<\/div>\n<\/div>\n<\/div>\n","protected":false},"excerpt":{"rendered":"<p>16.novembr\u012b, RCHV Eiropas Parlamenta V\u0113stnieku skolas dal\u012bbnieki apmekl\u0113ja Eiropas Parlamentu Strasb\u016br\u0101, Francij\u0101. Pas\u0101kuma galvenais temats bija \u201cNo ener\u0123ijas kr\u012bzes uz&nbsp;<a href=\"https:\/\/www.rchv.lv\/web\/archives\/10709\">&hellip;<\/a><\/p>\n","protected":false},"author":5,"featured_media":0,"comment_status":"closed","ping_status":"open","sticky":false,"template":"","format":"standard","meta":{"inline_featured_image":false,"footnotes":""},"categories":[1],"tags":[],"class_list":["post-10709","post","type-post","status-publish","format-standard","hentry","category-jaunumi","odd"],"_links":{"self":[{"href":"https:\/\/www.rchv.lv\/web\/wp-json\/wp\/v2\/posts\/10709","targetHints":{"allow":["GET"]}}],"collection":[{"href":"https:\/\/www.rchv.lv\/web\/wp-json\/wp\/v2\/posts"}],"about":[{"href":"https:\/\/www.rchv.lv\/web\/wp-json\/wp\/v2\/types\/post"}],"author":[{"embeddable":true,"href":"https:\/\/www.rchv.lv\/web\/wp-json\/wp\/v2\/users\/5"}],"replies":[{"embeddable":true,"href":"https:\/\/www.rchv.lv\/web\/wp-json\/wp\/v2\/comments?post=10709"}],"version-history":[{"count":3,"href":"https:\/\/www.rchv.lv\/web\/wp-json\/wp\/v2\/posts\/10709\/revisions"}],"predecessor-version":[{"id":10719,"href":"https:\/\/www.rchv.lv\/web\/wp-json\/wp\/v2\/posts\/10709\/revisions\/10719"}],"wp:attachment":[{"href":"https:\/\/www.rchv.lv\/web\/wp-json\/wp\/v2\/media?parent=10709"}],"wp:term":[{"taxonomy":"category","embeddable":true,"href":"https:\/\/www.rchv.lv\/web\/wp-json\/wp\/v2\/categories?post=10709"},{"taxonomy":"post_tag","embeddable":true,"href":"https:\/\/www.rchv.lv\/web\/wp-json\/wp\/v2\/tags?post=10709"}],"curies":[{"name":"wp","href":"https:\/\/api.w.org\/{rel}","templated":true}]}}