{"id":11156,"date":"2024-02-23T11:38:30","date_gmt":"2024-02-23T09:38:30","guid":{"rendered":"https:\/\/www.rchv.lv\/web\/?p=11156"},"modified":"2024-02-23T11:38:30","modified_gmt":"2024-02-23T09:38:30","slug":"tiksanas-ar-lu-petnieci-un-rsu-docenti-diti-liepu","status":"publish","type":"post","link":"https:\/\/www.rchv.lv\/web\/archives\/11156","title":{"rendered":"Tik\u0161an\u0101s ar LU p\u0113tnieci un RSU docenti Diti Liepu"},"content":{"rendered":"<p>2024.gada 21.febru\u0101r\u012b R\u012bgas Centra humanit\u0101r\u0101 vidusskola svin\u0113ja Starptautisko dzimt\u0101s valodas dienu. Par godu \u0161iem sv\u0113tkiem latvie\u0161u valodas un literat\u016bras skolot\u0101ja Elita Stikute uz m\u016bsu skolu uzaicin\u0101ja valodnieci, LU p\u0113tnieci un RSU docenti Diti Liepu. Vidusskol\u0113niem bija iesp\u0113ja iepaz\u012bties ar m\u016bsu skaist\u0101s dzimt\u0101s valodas daudzveid\u012bbu un noz\u012bmi valodu pasaulain\u0101, bie\u017e\u0101k pie\u013caut\u0101m k\u013c\u016bd\u0101m sabiedriskajos medijos un to, cik maldino\u0161as m\u0113dz b\u016bt \u0161\u012bs k\u013c\u016bdas. Dite Liepa viesoj\u0101s pie mums ar\u012b pag\u0101ju\u0161aj\u0101 gad\u0101 un priec\u0113ja m\u016bs ar savu interesanto un atrakt\u012bvo st\u0101st\u012bjumu un v\u0101rdu sp\u0113l\u0113m, t\u0101p\u0113c ar visliel\u0101ko prieku gaid\u012bsim Diti ar\u012b n\u0101kamaj\u0101 gad\u0101!<\/p>\n<p>Inform\u0101ciju sagatavoja 11.a klases skolniece El\u012bza Re\u0161etina.<\/p>\n<p><img loading=\"lazy\" decoding=\"async\" class=\"alignnone size-medium wp-image-11157\" src=\"https:\/\/www.rchv.lv\/web\/wp-content\/uploads\/2024\/02\/WhatsApp-Image-2024-02-22-at-10.30.57-169x300.jpeg\" alt=\"\" width=\"169\" height=\"300\" srcset=\"https:\/\/www.rchv.lv\/web\/wp-content\/uploads\/2024\/02\/WhatsApp-Image-2024-02-22-at-10.30.57-169x300.jpeg 169w, https:\/\/www.rchv.lv\/web\/wp-content\/uploads\/2024\/02\/WhatsApp-Image-2024-02-22-at-10.30.57-576x1024.jpeg 576w, https:\/\/www.rchv.lv\/web\/wp-content\/uploads\/2024\/02\/WhatsApp-Image-2024-02-22-at-10.30.57.jpeg 1148w\" sizes=\"auto, (max-width: 169px) 100vw, 169px\" \/><\/p>\n","protected":false},"excerpt":{"rendered":"<p>2024.gada 21.febru\u0101r\u012b R\u012bgas Centra humanit\u0101r\u0101 vidusskola svin\u0113ja Starptautisko dzimt\u0101s valodas dienu. Par godu \u0161iem sv\u0113tkiem latvie\u0161u valodas un literat\u016bras skolot\u0101ja&nbsp;<a href=\"https:\/\/www.rchv.lv\/web\/archives\/11156\">&hellip;<\/a><\/p>\n","protected":false},"author":5,"featured_media":0,"comment_status":"closed","ping_status":"open","sticky":false,"template":"","format":"standard","meta":{"inline_featured_image":false,"footnotes":""},"categories":[1],"tags":[],"class_list":["post-11156","post","type-post","status-publish","format-standard","hentry","category-jaunumi","odd"],"_links":{"self":[{"href":"https:\/\/www.rchv.lv\/web\/wp-json\/wp\/v2\/posts\/11156","targetHints":{"allow":["GET"]}}],"collection":[{"href":"https:\/\/www.rchv.lv\/web\/wp-json\/wp\/v2\/posts"}],"about":[{"href":"https:\/\/www.rchv.lv\/web\/wp-json\/wp\/v2\/types\/post"}],"author":[{"embeddable":true,"href":"https:\/\/www.rchv.lv\/web\/wp-json\/wp\/v2\/users\/5"}],"replies":[{"embeddable":true,"href":"https:\/\/www.rchv.lv\/web\/wp-json\/wp\/v2\/comments?post=11156"}],"version-history":[{"count":1,"href":"https:\/\/www.rchv.lv\/web\/wp-json\/wp\/v2\/posts\/11156\/revisions"}],"predecessor-version":[{"id":11158,"href":"https:\/\/www.rchv.lv\/web\/wp-json\/wp\/v2\/posts\/11156\/revisions\/11158"}],"wp:attachment":[{"href":"https:\/\/www.rchv.lv\/web\/wp-json\/wp\/v2\/media?parent=11156"}],"wp:term":[{"taxonomy":"category","embeddable":true,"href":"https:\/\/www.rchv.lv\/web\/wp-json\/wp\/v2\/categories?post=11156"},{"taxonomy":"post_tag","embeddable":true,"href":"https:\/\/www.rchv.lv\/web\/wp-json\/wp\/v2\/tags?post=11156"}],"curies":[{"name":"wp","href":"https:\/\/api.w.org\/{rel}","templated":true}]}}