{"id":11379,"date":"2024-04-10T09:58:19","date_gmt":"2024-04-10T07:58:19","guid":{"rendered":"https:\/\/www.rchv.lv\/web\/?p=11379"},"modified":"2024-04-10T09:59:46","modified_gmt":"2024-04-10T07:59:46","slug":"korim-junda-augstaka-pakape","status":"publish","type":"post","link":"https:\/\/www.rchv.lv\/web\/archives\/11379","title":{"rendered":"Korim &#8220;Junda&#8221; Augst\u0101k\u0101 pak\u0101pe!"},"content":{"rendered":"<p>EF kult\u016bras pil\u012b norisin\u0101j\u0101s koru konkursa II k\u0101rta, gatavojoties XIII Latvijas skolu jaunatnes dziesmu un deju sv\u0113tkiem. M\u016bsu jauktais koris &#8220;Junda&#8221; ieguva Augst\u0101ko pak\u0101pi! Lepojamies ar saviem dzied\u0101t\u0101jiem, kora vad\u012bt\u0101ju M\u0101r\u012bti Junitu Aps\u012bti, koncertmeistaru Gennady Grinko.<\/p>\n<p><img loading=\"lazy\" decoding=\"async\" class=\"alignnone size-medium wp-image-11380\" src=\"https:\/\/www.rchv.lv\/web\/wp-content\/uploads\/2024\/04\/WhatsApp-Image-2024-04-09-at-17.47.06-212x300.jpeg\" alt=\"\" width=\"212\" height=\"300\" srcset=\"https:\/\/www.rchv.lv\/web\/wp-content\/uploads\/2024\/04\/WhatsApp-Image-2024-04-09-at-17.47.06-212x300.jpeg 212w, https:\/\/www.rchv.lv\/web\/wp-content\/uploads\/2024\/04\/WhatsApp-Image-2024-04-09-at-17.47.06-725x1024.jpeg 725w, https:\/\/www.rchv.lv\/web\/wp-content\/uploads\/2024\/04\/WhatsApp-Image-2024-04-09-at-17.47.06.jpeg 1133w\" sizes=\"auto, (max-width: 212px) 100vw, 212px\" \/> <img loading=\"lazy\" decoding=\"async\" class=\"alignnone size-medium wp-image-11381\" src=\"https:\/\/www.rchv.lv\/web\/wp-content\/uploads\/2024\/04\/WhatsApp-Image-2024-04-09-at-17.47.07-300x165.jpeg\" alt=\"\" width=\"300\" height=\"165\" srcset=\"https:\/\/www.rchv.lv\/web\/wp-content\/uploads\/2024\/04\/WhatsApp-Image-2024-04-09-at-17.47.07-300x165.jpeg 300w, https:\/\/www.rchv.lv\/web\/wp-content\/uploads\/2024\/04\/WhatsApp-Image-2024-04-09-at-17.47.07-1024x562.jpeg 1024w, https:\/\/www.rchv.lv\/web\/wp-content\/uploads\/2024\/04\/WhatsApp-Image-2024-04-09-at-17.47.07.jpeg 1599w\" sizes=\"auto, (max-width: 300px) 100vw, 300px\" \/><\/p>\n","protected":false},"excerpt":{"rendered":"<p>EF kult\u016bras pil\u012b norisin\u0101j\u0101s koru konkursa II k\u0101rta, gatavojoties XIII Latvijas skolu jaunatnes dziesmu un deju sv\u0113tkiem. M\u016bsu jauktais koris&nbsp;<a href=\"https:\/\/www.rchv.lv\/web\/archives\/11379\">&hellip;<\/a><\/p>\n","protected":false},"author":5,"featured_media":0,"comment_status":"closed","ping_status":"open","sticky":false,"template":"","format":"standard","meta":{"inline_featured_image":false,"footnotes":""},"categories":[25],"tags":[],"class_list":["post-11379","post","type-post","status-publish","format-standard","hentry","category-sasniegumi","odd"],"_links":{"self":[{"href":"https:\/\/www.rchv.lv\/web\/wp-json\/wp\/v2\/posts\/11379","targetHints":{"allow":["GET"]}}],"collection":[{"href":"https:\/\/www.rchv.lv\/web\/wp-json\/wp\/v2\/posts"}],"about":[{"href":"https:\/\/www.rchv.lv\/web\/wp-json\/wp\/v2\/types\/post"}],"author":[{"embeddable":true,"href":"https:\/\/www.rchv.lv\/web\/wp-json\/wp\/v2\/users\/5"}],"replies":[{"embeddable":true,"href":"https:\/\/www.rchv.lv\/web\/wp-json\/wp\/v2\/comments?post=11379"}],"version-history":[{"count":1,"href":"https:\/\/www.rchv.lv\/web\/wp-json\/wp\/v2\/posts\/11379\/revisions"}],"predecessor-version":[{"id":11382,"href":"https:\/\/www.rchv.lv\/web\/wp-json\/wp\/v2\/posts\/11379\/revisions\/11382"}],"wp:attachment":[{"href":"https:\/\/www.rchv.lv\/web\/wp-json\/wp\/v2\/media?parent=11379"}],"wp:term":[{"taxonomy":"category","embeddable":true,"href":"https:\/\/www.rchv.lv\/web\/wp-json\/wp\/v2\/categories?post=11379"},{"taxonomy":"post_tag","embeddable":true,"href":"https:\/\/www.rchv.lv\/web\/wp-json\/wp\/v2\/tags?post=11379"}],"curies":[{"name":"wp","href":"https:\/\/api.w.org\/{rel}","templated":true}]}}