{"id":11387,"date":"2024-04-12T07:14:03","date_gmt":"2024-04-12T05:14:03","guid":{"rendered":"https:\/\/www.rchv.lv\/web\/?p=11387"},"modified":"2024-04-12T07:14:03","modified_gmt":"2024-04-12T05:14:03","slug":"korim-rasa1-pakape","status":"publish","type":"post","link":"https:\/\/www.rchv.lv\/web\/archives\/11387","title":{"rendered":"Korim &#8220;Rasa&#8221;1. pak\u0101pe!"},"content":{"rendered":"<p>M\u016bsu meite\u0146u koris &#8220;Rasa &#8221; nosl\u0113dza koru konkursa II k\u0101rtu, gatavojoties XIII Latvijas skolu jaunatnes dziesmu un deju sv\u0113tkiem. Paldies kora vad\u012bt\u0101jiem J\u0101nis Almanis-Palmbahs, M\u0101r\u012bte Junita Aps\u012bte, koncertmeistars Gennady Grinko! Lepojamies ar m\u016bsu koru sasniegumiem!\ud83c\udfb6\ud83c\udfb6\ud83c\udfb6<\/p>\n<p>&nbsp;<\/p>\n<p><img loading=\"lazy\" decoding=\"async\" class=\"alignnone size-medium wp-image-11388\" src=\"https:\/\/www.rchv.lv\/web\/wp-content\/uploads\/2024\/04\/WhatsApp-Image-2024-04-11-at-20.40.41-225x300.jpeg\" alt=\"\" width=\"225\" height=\"300\" srcset=\"https:\/\/www.rchv.lv\/web\/wp-content\/uploads\/2024\/04\/WhatsApp-Image-2024-04-11-at-20.40.41-225x300.jpeg 225w, https:\/\/www.rchv.lv\/web\/wp-content\/uploads\/2024\/04\/WhatsApp-Image-2024-04-11-at-20.40.41-768x1024.jpeg 768w, https:\/\/www.rchv.lv\/web\/wp-content\/uploads\/2024\/04\/WhatsApp-Image-2024-04-11-at-20.40.41.jpeg 1530w\" sizes=\"auto, (max-width: 225px) 100vw, 225px\" \/> <img loading=\"lazy\" decoding=\"async\" class=\"alignnone size-medium wp-image-11389\" src=\"https:\/\/www.rchv.lv\/web\/wp-content\/uploads\/2024\/04\/WhatsApp-Image-2024-04-11-at-20.41.43-300x225.jpeg\" alt=\"\" width=\"300\" height=\"225\" srcset=\"https:\/\/www.rchv.lv\/web\/wp-content\/uploads\/2024\/04\/WhatsApp-Image-2024-04-11-at-20.41.43-300x225.jpeg 300w, https:\/\/www.rchv.lv\/web\/wp-content\/uploads\/2024\/04\/WhatsApp-Image-2024-04-11-at-20.41.43-1024x768.jpeg 1024w, https:\/\/www.rchv.lv\/web\/wp-content\/uploads\/2024\/04\/WhatsApp-Image-2024-04-11-at-20.41.43.jpeg 2048w\" sizes=\"auto, (max-width: 300px) 100vw, 300px\" \/><\/p>\n","protected":false},"excerpt":{"rendered":"<p>M\u016bsu meite\u0146u koris &#8220;Rasa &#8221; nosl\u0113dza koru konkursa II k\u0101rtu, gatavojoties XIII Latvijas skolu jaunatnes dziesmu un deju sv\u0113tkiem. Paldies&nbsp;<a href=\"https:\/\/www.rchv.lv\/web\/archives\/11387\">&hellip;<\/a><\/p>\n","protected":false},"author":5,"featured_media":0,"comment_status":"closed","ping_status":"open","sticky":false,"template":"","format":"standard","meta":{"inline_featured_image":false,"footnotes":""},"categories":[25],"tags":[],"class_list":["post-11387","post","type-post","status-publish","format-standard","hentry","category-sasniegumi","odd"],"_links":{"self":[{"href":"https:\/\/www.rchv.lv\/web\/wp-json\/wp\/v2\/posts\/11387","targetHints":{"allow":["GET"]}}],"collection":[{"href":"https:\/\/www.rchv.lv\/web\/wp-json\/wp\/v2\/posts"}],"about":[{"href":"https:\/\/www.rchv.lv\/web\/wp-json\/wp\/v2\/types\/post"}],"author":[{"embeddable":true,"href":"https:\/\/www.rchv.lv\/web\/wp-json\/wp\/v2\/users\/5"}],"replies":[{"embeddable":true,"href":"https:\/\/www.rchv.lv\/web\/wp-json\/wp\/v2\/comments?post=11387"}],"version-history":[{"count":1,"href":"https:\/\/www.rchv.lv\/web\/wp-json\/wp\/v2\/posts\/11387\/revisions"}],"predecessor-version":[{"id":11390,"href":"https:\/\/www.rchv.lv\/web\/wp-json\/wp\/v2\/posts\/11387\/revisions\/11390"}],"wp:attachment":[{"href":"https:\/\/www.rchv.lv\/web\/wp-json\/wp\/v2\/media?parent=11387"}],"wp:term":[{"taxonomy":"category","embeddable":true,"href":"https:\/\/www.rchv.lv\/web\/wp-json\/wp\/v2\/categories?post=11387"},{"taxonomy":"post_tag","embeddable":true,"href":"https:\/\/www.rchv.lv\/web\/wp-json\/wp\/v2\/tags?post=11387"}],"curies":[{"name":"wp","href":"https:\/\/api.w.org\/{rel}","templated":true}]}}