{"id":13138,"date":"2025-12-03T15:40:57","date_gmt":"2025-12-03T13:40:57","guid":{"rendered":"https:\/\/www.rchv.lv\/web\/?p=13138"},"modified":"2025-12-03T15:40:57","modified_gmt":"2025-12-03T13:40:57","slug":"ziemassvetku-koncerti-10-un-15-decembri","status":"publish","type":"post","link":"https:\/\/www.rchv.lv\/web\/archives\/13138","title":{"rendered":"Ziemassv\u0113tku koncerti 10. un 15. decembr\u012b"},"content":{"rendered":"<p>Kori &#8220;R\u012bts&#8221;, &#8220;Junda&#8221;, &#8220;Rasi\u0146a&#8221; un &#8220;Rasa&#8221; aicina visiem kop\u0101 sagaid\u012bt Ziemassv\u0113tkus!<\/p>\n<p><img loading=\"lazy\" decoding=\"async\" class=\"alignnone size-medium wp-image-13139\" src=\"https:\/\/www.rchv.lv\/web\/wp-content\/uploads\/2025\/12\/WhatsApp-Image-2025-12-03-at-09.24.53-1-212x300.jpeg\" alt=\"\" width=\"212\" height=\"300\" srcset=\"https:\/\/www.rchv.lv\/web\/wp-content\/uploads\/2025\/12\/WhatsApp-Image-2025-12-03-at-09.24.53-1-212x300.jpeg 212w, https:\/\/www.rchv.lv\/web\/wp-content\/uploads\/2025\/12\/WhatsApp-Image-2025-12-03-at-09.24.53-1-724x1024.jpeg 724w, https:\/\/www.rchv.lv\/web\/wp-content\/uploads\/2025\/12\/WhatsApp-Image-2025-12-03-at-09.24.53-1-8x12.jpeg 8w, https:\/\/www.rchv.lv\/web\/wp-content\/uploads\/2025\/12\/WhatsApp-Image-2025-12-03-at-09.24.53-1.jpeg 905w\" sizes=\"auto, (max-width: 212px) 100vw, 212px\" \/> <img loading=\"lazy\" decoding=\"async\" class=\"alignnone size-medium wp-image-13140\" src=\"https:\/\/www.rchv.lv\/web\/wp-content\/uploads\/2025\/12\/WhatsApp-Image-2025-12-03-at-09.24.53-212x300.jpeg\" alt=\"\" width=\"212\" height=\"300\" srcset=\"https:\/\/www.rchv.lv\/web\/wp-content\/uploads\/2025\/12\/WhatsApp-Image-2025-12-03-at-09.24.53-212x300.jpeg 212w, https:\/\/www.rchv.lv\/web\/wp-content\/uploads\/2025\/12\/WhatsApp-Image-2025-12-03-at-09.24.53-724x1024.jpeg 724w, https:\/\/www.rchv.lv\/web\/wp-content\/uploads\/2025\/12\/WhatsApp-Image-2025-12-03-at-09.24.53-8x12.jpeg 8w, https:\/\/www.rchv.lv\/web\/wp-content\/uploads\/2025\/12\/WhatsApp-Image-2025-12-03-at-09.24.53.jpeg 905w\" sizes=\"auto, (max-width: 212px) 100vw, 212px\" \/><\/p>\n","protected":false},"excerpt":{"rendered":"<p>Kori &#8220;R\u012bts&#8221;, &#8220;Junda&#8221;, &#8220;Rasi\u0146a&#8221; un &#8220;Rasa&#8221; aicina visiem kop\u0101 sagaid\u012bt Ziemassv\u0113tkus!<\/p>\n","protected":false},"author":5,"featured_media":0,"comment_status":"closed","ping_status":"open","sticky":false,"template":"","format":"standard","meta":{"inline_featured_image":false,"footnotes":""},"categories":[1,41],"tags":[],"class_list":["post-13138","post","type-post","status-publish","format-standard","hentry","category-jaunumi","category-pasakumi","odd"],"_links":{"self":[{"href":"https:\/\/www.rchv.lv\/web\/wp-json\/wp\/v2\/posts\/13138","targetHints":{"allow":["GET"]}}],"collection":[{"href":"https:\/\/www.rchv.lv\/web\/wp-json\/wp\/v2\/posts"}],"about":[{"href":"https:\/\/www.rchv.lv\/web\/wp-json\/wp\/v2\/types\/post"}],"author":[{"embeddable":true,"href":"https:\/\/www.rchv.lv\/web\/wp-json\/wp\/v2\/users\/5"}],"replies":[{"embeddable":true,"href":"https:\/\/www.rchv.lv\/web\/wp-json\/wp\/v2\/comments?post=13138"}],"version-history":[{"count":1,"href":"https:\/\/www.rchv.lv\/web\/wp-json\/wp\/v2\/posts\/13138\/revisions"}],"predecessor-version":[{"id":13141,"href":"https:\/\/www.rchv.lv\/web\/wp-json\/wp\/v2\/posts\/13138\/revisions\/13141"}],"wp:attachment":[{"href":"https:\/\/www.rchv.lv\/web\/wp-json\/wp\/v2\/media?parent=13138"}],"wp:term":[{"taxonomy":"category","embeddable":true,"href":"https:\/\/www.rchv.lv\/web\/wp-json\/wp\/v2\/categories?post=13138"},{"taxonomy":"post_tag","embeddable":true,"href":"https:\/\/www.rchv.lv\/web\/wp-json\/wp\/v2\/tags?post=13138"}],"curies":[{"name":"wp","href":"https:\/\/api.w.org\/{rel}","templated":true}]}}